{"id":340,"date":"2012-05-22T18:02:14","date_gmt":"2012-05-23T04:02:14","guid":{"rendered":"http:\/\/176.31.110.213:800\/?p=340"},"modified":"2012-05-22T18:02:14","modified_gmt":"2012-05-23T04:02:14","slug":"les-80-ans-de-papa-mape","status":"publish","type":"post","link":"https:\/\/www.punareo.com\/?p=340","title":{"rendered":"Les 80 ans de Papa Mape"},"content":{"rendered":"<p><img loading=\"lazy\" decoding=\"async\" class=\" alignright size-full wp-image-339\" style=\"float: right; margin: 5px;\" onmouseover=\"this.src='images\/stories\/articles\/80_ans_papa_mape0.jpg';\" onmouseout=\"this.src='http:\/\/176.31.110.213:800\/wp-content\/uploads\/2012\/05\/articles_80_ans_papa_mape00.jpg';\" src=\"images\/stories\/articles\/80_ans_papa_mape00.jpg\" alt=\"Les 80 ans de Papa Mape\" width=\"400\" height=\"277\" \/>Pour les 80 ans de Papa Mape, un hommage \u00e0 \u00e9t\u00e9 rendu sous le fare potee de Pu Atitia.<\/p>\n<p>Le Puna reo a tenu \u00e0 remercier ce &lsquo;scientifique polyn\u00e9sien&rsquo; qui au fil des ann\u00e9es a partag\u00e9 son exp\u00e9rience et ses pens\u00e9es avec les enfants.<\/p>\n<p>Un petit livre lui a \u00e9t\u00e9 remis, avec des photos et les paroles qu&rsquo;il a transmis et dont la m\u00e9moire restera pour les g\u00e9n\u00e9rations \u00e0 venir.<\/p>\n<p>La f\u00eate fut belle, avec des chants et danses du Pu Atitia, de Tina, de Punitai et du Puna Reo.&nbsp;<\/p>\n<p>Et bien sur un succulent buffet !<br \/> (<a title=\"Les 80 ans de papa Mape\" href=\"http:\/\/punareo.com\/hohoa\/index.php?\/category\/64\" target=\"_blank\">Voir les photos<\/a>)<\/p>\n","protected":false},"excerpt":{"rendered":"<p>Pour les 80 ans de Papa Mape, un hommage \u00e0 \u00e9t\u00e9 rendu sous le fare potee de Pu Atitia. Le Puna reo a tenu \u00e0 remercier ce &lsquo;scientifique polyn\u00e9sien&rsquo; qui au fil des ann\u00e9es a partag\u00e9 son exp\u00e9rience et ses pens\u00e9es avec les enfants. Un petit livre lui a \u00e9t\u00e9 remis, avec des photos et les paroles qu&rsquo;il a transmis et dont la m\u00e9moire restera pour les g\u00e9n\u00e9rations \u00e0 venir. La f\u00eate fut belle, avec des chants et danses du Pu Atitia, de Tina, de Punitai et du Puna Reo.&nbsp; Et bien sur un succulent buffet ! (Voir les photos)<\/p>\n","protected":false},"author":2,"featured_media":339,"comment_status":"open","ping_status":"open","sticky":false,"template":"","format":"standard","meta":{"ngg_post_thumbnail":0,"footnotes":""},"categories":[17],"tags":[],"class_list":["post-340","post","type-post","status-publish","format-standard","has-post-thumbnail","hentry","category-reprsentations"],"_links":{"self":[{"href":"https:\/\/www.punareo.com\/index.php?rest_route=\/wp\/v2\/posts\/340","targetHints":{"allow":["GET"]}}],"collection":[{"href":"https:\/\/www.punareo.com\/index.php?rest_route=\/wp\/v2\/posts"}],"about":[{"href":"https:\/\/www.punareo.com\/index.php?rest_route=\/wp\/v2\/types\/post"}],"author":[{"embeddable":true,"href":"https:\/\/www.punareo.com\/index.php?rest_route=\/wp\/v2\/users\/2"}],"replies":[{"embeddable":true,"href":"https:\/\/www.punareo.com\/index.php?rest_route=%2Fwp%2Fv2%2Fcomments&post=340"}],"version-history":[{"count":0,"href":"https:\/\/www.punareo.com\/index.php?rest_route=\/wp\/v2\/posts\/340\/revisions"}],"wp:featuredmedia":[{"embeddable":true,"href":"https:\/\/www.punareo.com\/index.php?rest_route=\/wp\/v2\/media\/339"}],"wp:attachment":[{"href":"https:\/\/www.punareo.com\/index.php?rest_route=%2Fwp%2Fv2%2Fmedia&parent=340"}],"wp:term":[{"taxonomy":"category","embeddable":true,"href":"https:\/\/www.punareo.com\/index.php?rest_route=%2Fwp%2Fv2%2Fcategories&post=340"},{"taxonomy":"post_tag","embeddable":true,"href":"https:\/\/www.punareo.com\/index.php?rest_route=%2Fwp%2Fv2%2Ftags&post=340"}],"curies":[{"name":"wp","href":"https:\/\/api.w.org\/{rel}","templated":true}]}}